{"id":1,"name":"Kemal \u00c7i\u00e7ek","url":"https:\/\/kemalcicek.com","description":"Kemal \u00c7i\u00e7ek 46 ya\u015f\u0131nda Samsun 19 May\u0131s \u00dcniversitesi mezunu G\u0131da M\u00fchendisidir.","link":"https:\/\/kemalcicek.com\/index.php\/author\/kemal\/","slug":"kemal","avatar_urls":{"24":"https:\/\/secure.gravatar.com\/avatar\/14d7f8be80282117ae32f526f44840c181363a51a10f5b5e542546a41571505f?s=24&d=mm&r=g","48":"https:\/\/secure.gravatar.com\/avatar\/14d7f8be80282117ae32f526f44840c181363a51a10f5b5e542546a41571505f?s=48&d=mm&r=g","96":"https:\/\/secure.gravatar.com\/avatar\/14d7f8be80282117ae32f526f44840c181363a51a10f5b5e542546a41571505f?s=96&d=mm&r=g"},"meta":[],"_links":{"self":[{"href":"https:\/\/kemalcicek.com\/index.php\/wp-json\/wp\/v2\/users\/1","targetHints":{"allow":["GET"]}}],"collection":[{"href":"https:\/\/kemalcicek.com\/index.php\/wp-json\/wp\/v2\/users"}]}}